{"id":5858,"date":"2026-04-24T11:11:30","date_gmt":"2026-04-24T10:11:30","guid":{"rendered":"https:\/\/dvd-vratisinec.hr\/?p=5858"},"modified":"2026-04-28T11:15:00","modified_gmt":"2026-04-28T10:15:00","slug":"2026-godisnja-skupstina-vzo-vratisinec","status":"publish","type":"post","link":"https:\/\/dvd-vratisinec.hr\/?p=5858","title":{"rendered":"2026. &#8211; Godi\u0161nja skup\u0161tina VZO Vrati\u0161inec"},"content":{"rendered":"\n<p>U Dru\u0161tvenom domu u Gornjem Kraljevcu 24. travnja 2026. godine, a pod doma\u0107instvom DVD-a Gornji Kraljevec, odr\u017eana godi\u0161nja izborna skup\u0161tina Vatrogasne zajednice Op\u0107ine Vrati\u0161inec. Skup\u0161tinu VZO Vrati\u0161inec \u010dine i na\u0161i \u010dlanovi.<\/p>\n\n\n\n<p>Na skup\u0161tini je istaknuto kako je 2025. godina za Vatrogasnu zajednicu Op\u0107ine Vrati\u0161inec bila izuzetno uspje\u0161na i sadr\u017eajna. Tijekom godine odr\u017eana su brojna vatrogasna natjecanja te javne vje\u017ebe na kojima su \u010dlanovi DVD-a Vrati\u0161inec i DVD-a Gornji Kraljevec jo\u0161 jednom demonstrirali svoje znanje, spremnost i vatrogasne vje\u0161tine. Posebno je nagla\u0161eno kako je financijsko poslovanje u protekloj godini zavr\u0161eno u pozitivnom rezultatu, a Vatrogasna zajednica ovom je prilikom zahvalila Op\u0107ini Vrati\u0161inec na kontinuiranoj i sna\u017enoj financijskoj potpori u provedbi svih planiranih aktivnosti i projekata.<\/p>\n\n\n\n<p>Budu\u0107i da je skup\u0161tina bila izbornog karaktera, izabrano je novo predsjedni\u0161tvo koje \u010dine Bernard Podgorelec (DVD Vrati\u0161inec), Antonija Grbavec (DVD Vrati\u0161inec), Ivan Srpak i Ivan Vrbanec. U novo zapovjedni\u0161tvo izabrani su Andrija Kvakan (DVD Vrati\u0161inec, Mihael Grbavec (DVD Vrati\u0161inec, Abel Babi\u0107 i Darko Hutinec.<\/p>\n\n\n\n<p>Na \u010delo Vatrogasne zajednice Op\u0107ine Vrati\u0161inec, u mandatu od pet godina, izabran je Bernard Podgorelec iz redova DVD-a Vrati\u0161inec, dok \u0107e du\u017enost tajnice i nadalje obna\u0161ati Magdalena \u0160olti\u0107 (DVD Vrati\u0161inec).<\/p>\n\n\n\n<p>Izabran je i novi sastav Suda \u010dasti, kojeg \u010dine Manuela \u017dganec, Natalija \u010ceki i Stjepan Kozar (DVD Vrati\u0161inec).<\/p>\n\n\n\n<p>Poseban trenutak skup\u0161tine bila je dodjela vatrogasnih medalja Vatrogasne zajednice Op\u0107ine Vrati\u0161inec. Nakon \u0161to je zajednica izradila likovna rje\u0161enja za odlikovanja te usvojila svu potrebnu dokumentaciju, po prvi puta dodijeljena su ova priznanja zaslu\u017enim \u010dlanovima. Bron\u010danu vatrogasnu medalju iz redova DVD-a Vrati\u0161inec primili su Stjepan Kozar, Magdalena \u0160olti\u0107, Bernard Podgorelec, Mihael Grbavec i Andrija Kvakan, dok je iz redova DVD-a Gornji Kraljevec istu primio Ivan Srpak. Svi nagra\u0111eni od samog osnutka zajednice 2023. godine aktivno obna\u0161aju odgovorne funkcije i svojim radom zna\u010dajno doprinose njezinom razvoju.<\/p>\n\n\n\n<p>Skup\u0161tini su nazo\u010dili i brojni uzvanici, me\u0111u kojima zapovjednik Vatrogasne zajednice Me\u0111imurske \u017eupanije Robert Megli\u0107, zapovjednik Vatrogasne zajednice podru\u010dja Dekanovec \u2013 Podturen Stjepan Vincek, na\u010delnik Op\u0107ine Vrati\u0161inec Mihael Grbavec te predsjednica Op\u0107inskog vije\u0107a \u0160tefanija Jambro\u0161i\u0107. U svojim obra\u0107anjima svi su pohvalili dosada\u0161nji rad zajednice, \u010destitali novoizabranim du\u017enosnicima i dobitnicima odlikovanja te istaknuli iznimnu va\u017enost i nezamjenjivu ulogu vatrogasaca u lokalnoj i regionalnoj zajednici i pozvali na suradnju.<\/p>\n\n\n\n<p>\u010cestitamo svim na\u0161im \u010dlanovima na izboru.<\/p>\n\n\n\n<p><\/p>\n","protected":false},"excerpt":{"rendered":"<p>U Dru\u0161tvenom domu u Gornjem Kraljevcu 24. travnja 2026. godine, a pod doma\u0107instvom DVD-a Gornji Kraljevec, odr\u017eana godi\u0161nja izborna skup\u0161tina Vatrogasne zajednice Op\u0107ine Vrati\u0161inec. Skup\u0161tinu VZO Vrati\u0161inec \u010dine i na\u0161i \u010dlanovi. Na skup\u0161tini je istaknuto kako je 2025. godina za Vatrogasnu zajednicu Op\u0107ine Vrati\u0161inec bila izuzetno uspje\u0161na i sadr\u017eajna. Tijekom godine odr\u017eana su brojna vatrogasna [&hellip;]<\/p>\n","protected":false},"author":1,"featured_media":5859,"comment_status":"closed","ping_status":"open","sticky":false,"template":"","format":"standard","meta":{"rop_custom_images_group":[],"rop_custom_messages_group":[],"rop_publish_now":"yes","rop_publish_now_accounts":[],"rop_publish_now_history":[],"rop_publish_now_status":"pending","ngg_post_thumbnail":0,"footnotes":""},"categories":[14],"tags":[],"class_list":["post-5858","post","type-post","status-publish","format-standard","has-post-thumbnail","hentry","category-izvjesca"],"_links":{"self":[{"href":"https:\/\/dvd-vratisinec.hr\/index.php?rest_route=\/wp\/v2\/posts\/5858","targetHints":{"allow":["GET"]}}],"collection":[{"href":"https:\/\/dvd-vratisinec.hr\/index.php?rest_route=\/wp\/v2\/posts"}],"about":[{"href":"https:\/\/dvd-vratisinec.hr\/index.php?rest_route=\/wp\/v2\/types\/post"}],"author":[{"embeddable":true,"href":"https:\/\/dvd-vratisinec.hr\/index.php?rest_route=\/wp\/v2\/users\/1"}],"replies":[{"embeddable":true,"href":"https:\/\/dvd-vratisinec.hr\/index.php?rest_route=%2Fwp%2Fv2%2Fcomments&post=5858"}],"version-history":[{"count":1,"href":"https:\/\/dvd-vratisinec.hr\/index.php?rest_route=\/wp\/v2\/posts\/5858\/revisions"}],"predecessor-version":[{"id":5860,"href":"https:\/\/dvd-vratisinec.hr\/index.php?rest_route=\/wp\/v2\/posts\/5858\/revisions\/5860"}],"wp:featuredmedia":[{"embeddable":true,"href":"https:\/\/dvd-vratisinec.hr\/index.php?rest_route=\/wp\/v2\/media\/5859"}],"wp:attachment":[{"href":"https:\/\/dvd-vratisinec.hr\/index.php?rest_route=%2Fwp%2Fv2%2Fmedia&parent=5858"}],"wp:term":[{"taxonomy":"category","embeddable":true,"href":"https:\/\/dvd-vratisinec.hr\/index.php?rest_route=%2Fwp%2Fv2%2Fcategories&post=5858"},{"taxonomy":"post_tag","embeddable":true,"href":"https:\/\/dvd-vratisinec.hr\/index.php?rest_route=%2Fwp%2Fv2%2Ftags&post=5858"}],"curies":[{"name":"wp","href":"https:\/\/api.w.org\/{rel}","templated":true}]}}