{"id":5668,"date":"2025-07-06T09:33:57","date_gmt":"2025-07-06T08:33:57","guid":{"rendered":"https:\/\/dvd-vratisinec.hr\/?p=5668"},"modified":"2025-08-27T09:40:06","modified_gmt":"2025-08-27T08:40:06","slug":"uklanjanje-prepreka-u-cestovnom-prometu-7-2025","status":"publish","type":"post","link":"https:\/\/dvd-vratisinec.hr\/?p=5668","title":{"rendered":"Uklanjanje prepreka u cestovnom prometu (7\/2025)"},"content":{"rendered":"\n<p>Nakon sto je naselje Vrati\u0161inec pogodilo nevrijeme pra\u0107eno tu\u010dom zamjenik zapovjednika zaprima poziv mje\u0161tanina o stablu na prometnici u ulici Gmajna. Isti vr\u0161i interno uzbunjivanje \u010dlanova te izlazimo na intervenciju sa ZV i 3 vatrogasca. Dolaskom na mjesto intervencije vr\u0161imo uklanjanje istog te nakon toga ophodnjom prometnica provjeravamo njihovu prohodnost. Po zavr\u0161etku se vra\u0107amo u vatrogasni dom.<\/p>\n\n\n\n<p><\/p>\n","protected":false},"excerpt":{"rendered":"<p>Nakon sto je naselje Vrati\u0161inec pogodilo nevrijeme pra\u0107eno tu\u010dom zamjenik zapovjednika zaprima poziv mje\u0161tanina o stablu na prometnici u ulici Gmajna. Isti vr\u0161i interno uzbunjivanje \u010dlanova te izlazimo na intervenciju sa ZV i 3 vatrogasca. Dolaskom na mjesto intervencije vr\u0161imo uklanjanje istog te nakon toga ophodnjom prometnica provjeravamo njihovu prohodnost. Po zavr\u0161etku se vra\u0107amo u [&hellip;]<\/p>\n","protected":false},"author":1,"featured_media":0,"comment_status":"closed","ping_status":"open","sticky":false,"template":"","format":"standard","meta":{"rop_custom_images_group":[],"rop_custom_messages_group":[],"rop_publish_now":"yes","rop_publish_now_accounts":[],"rop_publish_now_history":[],"rop_publish_now_status":"pending","ngg_post_thumbnail":0,"footnotes":""},"categories":[46],"tags":[],"class_list":["post-5668","post","type-post","status-publish","format-standard","hentry","category-46"],"_links":{"self":[{"href":"https:\/\/dvd-vratisinec.hr\/index.php?rest_route=\/wp\/v2\/posts\/5668","targetHints":{"allow":["GET"]}}],"collection":[{"href":"https:\/\/dvd-vratisinec.hr\/index.php?rest_route=\/wp\/v2\/posts"}],"about":[{"href":"https:\/\/dvd-vratisinec.hr\/index.php?rest_route=\/wp\/v2\/types\/post"}],"author":[{"embeddable":true,"href":"https:\/\/dvd-vratisinec.hr\/index.php?rest_route=\/wp\/v2\/users\/1"}],"replies":[{"embeddable":true,"href":"https:\/\/dvd-vratisinec.hr\/index.php?rest_route=%2Fwp%2Fv2%2Fcomments&post=5668"}],"version-history":[{"count":1,"href":"https:\/\/dvd-vratisinec.hr\/index.php?rest_route=\/wp\/v2\/posts\/5668\/revisions"}],"predecessor-version":[{"id":5669,"href":"https:\/\/dvd-vratisinec.hr\/index.php?rest_route=\/wp\/v2\/posts\/5668\/revisions\/5669"}],"wp:attachment":[{"href":"https:\/\/dvd-vratisinec.hr\/index.php?rest_route=%2Fwp%2Fv2%2Fmedia&parent=5668"}],"wp:term":[{"taxonomy":"category","embeddable":true,"href":"https:\/\/dvd-vratisinec.hr\/index.php?rest_route=%2Fwp%2Fv2%2Fcategories&post=5668"},{"taxonomy":"post_tag","embeddable":true,"href":"https:\/\/dvd-vratisinec.hr\/index.php?rest_route=%2Fwp%2Fv2%2Ftags&post=5668"}],"curies":[{"name":"wp","href":"https:\/\/api.w.org\/{rel}","templated":true}]}}