{"id":5650,"date":"2025-06-28T11:01:22","date_gmt":"2025-06-28T10:01:22","guid":{"rendered":"https:\/\/dvd-vratisinec.hr\/?p=5650"},"modified":"2025-07-04T11:06:24","modified_gmt":"2025-07-04T10:06:24","slug":"ck10-i-utrka-u-belici","status":"publish","type":"post","link":"https:\/\/dvd-vratisinec.hr\/?p=5650","title":{"rendered":"\u010cK10 i Utrka u Belici"},"content":{"rendered":"\n<p>Nakon \u0161to nas je pro\u0161le subote Martina predstavljala na \u010cK10 na utrci od 5km, danas su ona i Samuel tr\u010dali 2. utrku Op\u0107ine Belica od 4,2 km. Samuel je zauzeo 5. mjesto u kategoriji M20 dok je Martina u svojoj kategoriji zauzela odli\u010dno 2. mjesto i na\u0161la se na postolju.<\/p>\n\n\n\n<p>Bravo za na\u0161e trka\u010de.<\/p>\n\n\n\n<p><\/p>\n","protected":false},"excerpt":{"rendered":"<p>Nakon \u0161to nas je pro\u0161le subote Martina predstavljala na \u010cK10 na utrci od 5km, danas su ona i Samuel tr\u010dali 2. utrku Op\u0107ine Belica od 4,2 km. Samuel je zauzeo 5. mjesto u kategoriji M20 dok je Martina u svojoj kategoriji zauzela odli\u010dno 2. mjesto i na\u0161la se na postolju. Bravo za na\u0161e trka\u010de.<\/p>\n","protected":false},"author":1,"featured_media":5652,"comment_status":"closed","ping_status":"open","sticky":false,"template":"","format":"standard","meta":{"rop_custom_images_group":[],"rop_custom_messages_group":[],"rop_publish_now":"initial","rop_publish_now_accounts":[],"rop_publish_now_history":[],"rop_publish_now_status":"pending","ngg_post_thumbnail":0,"footnotes":""},"categories":[14],"tags":[],"class_list":["post-5650","post","type-post","status-publish","format-standard","has-post-thumbnail","hentry","category-izvjesca"],"_links":{"self":[{"href":"https:\/\/dvd-vratisinec.hr\/index.php?rest_route=\/wp\/v2\/posts\/5650","targetHints":{"allow":["GET"]}}],"collection":[{"href":"https:\/\/dvd-vratisinec.hr\/index.php?rest_route=\/wp\/v2\/posts"}],"about":[{"href":"https:\/\/dvd-vratisinec.hr\/index.php?rest_route=\/wp\/v2\/types\/post"}],"author":[{"embeddable":true,"href":"https:\/\/dvd-vratisinec.hr\/index.php?rest_route=\/wp\/v2\/users\/1"}],"replies":[{"embeddable":true,"href":"https:\/\/dvd-vratisinec.hr\/index.php?rest_route=%2Fwp%2Fv2%2Fcomments&post=5650"}],"version-history":[{"count":1,"href":"https:\/\/dvd-vratisinec.hr\/index.php?rest_route=\/wp\/v2\/posts\/5650\/revisions"}],"predecessor-version":[{"id":5651,"href":"https:\/\/dvd-vratisinec.hr\/index.php?rest_route=\/wp\/v2\/posts\/5650\/revisions\/5651"}],"wp:featuredmedia":[{"embeddable":true,"href":"https:\/\/dvd-vratisinec.hr\/index.php?rest_route=\/wp\/v2\/media\/5652"}],"wp:attachment":[{"href":"https:\/\/dvd-vratisinec.hr\/index.php?rest_route=%2Fwp%2Fv2%2Fmedia&parent=5650"}],"wp:term":[{"taxonomy":"category","embeddable":true,"href":"https:\/\/dvd-vratisinec.hr\/index.php?rest_route=%2Fwp%2Fv2%2Fcategories&post=5650"},{"taxonomy":"post_tag","embeddable":true,"href":"https:\/\/dvd-vratisinec.hr\/index.php?rest_route=%2Fwp%2Fv2%2Ftags&post=5650"}],"curies":[{"name":"wp","href":"https:\/\/api.w.org\/{rel}","templated":true}]}}