{"id":5321,"date":"2024-01-12T19:08:43","date_gmt":"2024-01-12T18:08:43","guid":{"rendered":"https:\/\/dvd-vratisinec.hr\/?p=5321"},"modified":"2024-01-13T19:12:23","modified_gmt":"2024-01-13T18:12:23","slug":"primopredaja-opreme-nabavljene-preko-sustava-cz-opcine-vratisinec","status":"publish","type":"post","link":"https:\/\/dvd-vratisinec.hr\/?p=5321","title":{"rendered":"Primopredaja opreme nabavljene preko sustava CZ Op\u0107ine Vrati\u0161inec"},"content":{"rendered":"\n<p>Ju\u010der je u prostorijama Dobrovoljnog vatrogasnog dru\u0161tva Vrati\u0161inec izvr\u0161ena primopredaja opreme dobrovoljnim vatrogasnim dru\u0161tvima s podru\u010dja na\u0161e Op\u0107ine. Oprema je nabavljena za potrebe civilne za\u0161tite u 2023. godini, a istu su predstavnicima DVD-a uru\u010dili op\u0107inski na\u010delnik Mihael Grbavec i na\u010delnik sto\u017eera Civilne za\u0161tite Op\u0107ine Vrati\u0161inec Andrija Kvakan. \u201cOprema je financirana sredstvima koja su namijenjena radu civilne za\u0161tite, a po\u0161to su vatrogasci operativna snaga koja je prva na liniji obrane u slu\u010daju odre\u0111ene nepogodne svake se godine nabavlja nova oprema kako bi se im \u0161to vi\u0161e olak\u0161ao rad.\u201d &#8211; istaknuo je na\u010delnik Grbavec. Ove godine za svako dru\u0161tvo je nabavljeno 6 svjetiljki M-FIRE AG, set svrdla, set svrdla i bitova, punja\u010d i baterija Einhell Power-X-Change i set AKU ALATA EINHELLTE-TK. Opremu je u ime DVD-a Vrati\u0161inec preuzeo predsjednik Stjepan Kozar, dok je Ivan Srpak preuzeo opremu za DVD Gornji Kraljevec.<\/p>\n\n\n\n<p><\/p>\n\n\n\n<p><\/p>\n\n\n\n<p>izvor: https:\/\/m.facebook.com\/story.php?story_fbid=pfbid05afm2psUDga11RSe7KyHSbUjqQfbmQLrzxmgyhiDk335ZsvLSA2GdQYWSAvRofA4l&amp;id=100064420940462 <\/p>\n\n\n\n<p>tekst: Samuel \u0160ari\u0107<\/p>\n","protected":false},"excerpt":{"rendered":"<p>Ju\u010der je u prostorijama Dobrovoljnog vatrogasnog dru\u0161tva Vrati\u0161inec izvr\u0161ena primopredaja opreme dobrovoljnim vatrogasnim dru\u0161tvima s podru\u010dja na\u0161e Op\u0107ine. Oprema je nabavljena za potrebe civilne za\u0161tite u 2023. godini, a istu su predstavnicima DVD-a uru\u010dili op\u0107inski na\u010delnik Mihael Grbavec i na\u010delnik sto\u017eera Civilne za\u0161tite Op\u0107ine Vrati\u0161inec Andrija Kvakan. \u201cOprema je financirana sredstvima koja su namijenjena radu [&hellip;]<\/p>\n","protected":false},"author":1,"featured_media":5323,"comment_status":"closed","ping_status":"open","sticky":false,"template":"","format":"standard","meta":{"rop_custom_images_group":[],"rop_custom_messages_group":[],"rop_publish_now":"initial","rop_publish_now_accounts":[],"rop_publish_now_history":[],"rop_publish_now_status":"pending","ngg_post_thumbnail":0,"footnotes":""},"categories":[14],"tags":[],"class_list":["post-5321","post","type-post","status-publish","format-standard","has-post-thumbnail","hentry","category-izvjesca"],"_links":{"self":[{"href":"https:\/\/dvd-vratisinec.hr\/index.php?rest_route=\/wp\/v2\/posts\/5321","targetHints":{"allow":["GET"]}}],"collection":[{"href":"https:\/\/dvd-vratisinec.hr\/index.php?rest_route=\/wp\/v2\/posts"}],"about":[{"href":"https:\/\/dvd-vratisinec.hr\/index.php?rest_route=\/wp\/v2\/types\/post"}],"author":[{"embeddable":true,"href":"https:\/\/dvd-vratisinec.hr\/index.php?rest_route=\/wp\/v2\/users\/1"}],"replies":[{"embeddable":true,"href":"https:\/\/dvd-vratisinec.hr\/index.php?rest_route=%2Fwp%2Fv2%2Fcomments&post=5321"}],"version-history":[{"count":1,"href":"https:\/\/dvd-vratisinec.hr\/index.php?rest_route=\/wp\/v2\/posts\/5321\/revisions"}],"predecessor-version":[{"id":5324,"href":"https:\/\/dvd-vratisinec.hr\/index.php?rest_route=\/wp\/v2\/posts\/5321\/revisions\/5324"}],"wp:featuredmedia":[{"embeddable":true,"href":"https:\/\/dvd-vratisinec.hr\/index.php?rest_route=\/wp\/v2\/media\/5323"}],"wp:attachment":[{"href":"https:\/\/dvd-vratisinec.hr\/index.php?rest_route=%2Fwp%2Fv2%2Fmedia&parent=5321"}],"wp:term":[{"taxonomy":"category","embeddable":true,"href":"https:\/\/dvd-vratisinec.hr\/index.php?rest_route=%2Fwp%2Fv2%2Fcategories&post=5321"},{"taxonomy":"post_tag","embeddable":true,"href":"https:\/\/dvd-vratisinec.hr\/index.php?rest_route=%2Fwp%2Fv2%2Ftags&post=5321"}],"curies":[{"name":"wp","href":"https:\/\/api.w.org\/{rel}","templated":true}]}}