{"id":5196,"date":"2023-06-08T22:22:00","date_gmt":"2023-06-08T21:22:00","guid":{"rendered":"https:\/\/dvd-vratisinec.hr\/?p=5196"},"modified":"2023-06-09T09:29:56","modified_gmt":"2023-06-09T08:29:56","slug":"sv-misa-povodom-tijelova","status":"publish","type":"post","link":"https:\/\/dvd-vratisinec.hr\/?p=5196","title":{"rendered":"Sv. misa i procesija povodom Tijelova"},"content":{"rendered":"\n<p>Tradicionalno smo uz vatrogasce s podru\u010dja \u017dupe Uzvi\u0161enja Sv. Kri\u017ea (DVD Kri\u017eovec, DVD Gornji Kraljevec i Kri\u0161tanovec) sudjelovali na sv. misi i procesiji povodom kr\u0161\u0107anskog blagdana Tijelovo. Svojom prisutno\u0161\u0107u uveli\u010dali smo ovaj kr\u0161\u0107anski blagdan. Zahvaljujemo \u017eupniku na pozivu na dru\u017eenje nakon odr\u017eane svete mise u \u017eupni dvor.<\/p>\n","protected":false},"excerpt":{"rendered":"<p>Tradicionalno smo uz vatrogasce s podru\u010dja \u017dupe Uzvi\u0161enja Sv. Kri\u017ea (DVD Kri\u017eovec, DVD Gornji Kraljevec i Kri\u0161tanovec) sudjelovali na sv. misi i procesiji povodom kr\u0161\u0107anskog blagdana Tijelovo. Svojom prisutno\u0161\u0107u uveli\u010dali smo ovaj kr\u0161\u0107anski blagdan. Zahvaljujemo \u017eupniku na pozivu na dru\u017eenje nakon odr\u017eane svete mise u \u017eupni dvor.<\/p>\n","protected":false},"author":1,"featured_media":5197,"comment_status":"closed","ping_status":"open","sticky":false,"template":"","format":"standard","meta":{"rop_custom_images_group":[],"rop_custom_messages_group":[],"rop_publish_now":"initial","rop_publish_now_accounts":[],"rop_publish_now_history":[],"rop_publish_now_status":"pending","ngg_post_thumbnail":0,"footnotes":""},"categories":[14],"tags":[],"class_list":["post-5196","post","type-post","status-publish","format-standard","has-post-thumbnail","hentry","category-izvjesca"],"_links":{"self":[{"href":"https:\/\/dvd-vratisinec.hr\/index.php?rest_route=\/wp\/v2\/posts\/5196","targetHints":{"allow":["GET"]}}],"collection":[{"href":"https:\/\/dvd-vratisinec.hr\/index.php?rest_route=\/wp\/v2\/posts"}],"about":[{"href":"https:\/\/dvd-vratisinec.hr\/index.php?rest_route=\/wp\/v2\/types\/post"}],"author":[{"embeddable":true,"href":"https:\/\/dvd-vratisinec.hr\/index.php?rest_route=\/wp\/v2\/users\/1"}],"replies":[{"embeddable":true,"href":"https:\/\/dvd-vratisinec.hr\/index.php?rest_route=%2Fwp%2Fv2%2Fcomments&post=5196"}],"version-history":[{"count":2,"href":"https:\/\/dvd-vratisinec.hr\/index.php?rest_route=\/wp\/v2\/posts\/5196\/revisions"}],"predecessor-version":[{"id":5199,"href":"https:\/\/dvd-vratisinec.hr\/index.php?rest_route=\/wp\/v2\/posts\/5196\/revisions\/5199"}],"wp:featuredmedia":[{"embeddable":true,"href":"https:\/\/dvd-vratisinec.hr\/index.php?rest_route=\/wp\/v2\/media\/5197"}],"wp:attachment":[{"href":"https:\/\/dvd-vratisinec.hr\/index.php?rest_route=%2Fwp%2Fv2%2Fmedia&parent=5196"}],"wp:term":[{"taxonomy":"category","embeddable":true,"href":"https:\/\/dvd-vratisinec.hr\/index.php?rest_route=%2Fwp%2Fv2%2Fcategories&post=5196"},{"taxonomy":"post_tag","embeddable":true,"href":"https:\/\/dvd-vratisinec.hr\/index.php?rest_route=%2Fwp%2Fv2%2Ftags&post=5196"}],"curies":[{"name":"wp","href":"https:\/\/api.w.org\/{rel}","templated":true}]}}