{"id":5140,"date":"2023-04-09T11:11:07","date_gmt":"2023-04-09T10:11:07","guid":{"rendered":"https:\/\/dvd-vratisinec.hr\/?p=5140"},"modified":"2023-04-09T11:11:07","modified_gmt":"2023-04-09T10:11:07","slug":"sv-misa-povodom-uskrsa-4","status":"publish","type":"post","link":"https:\/\/dvd-vratisinec.hr\/?p=5140","title":{"rendered":"Sv. Misa povodom Uskrsa"},"content":{"rendered":"\n<p>Danas smo uz kolege vatrogasce iz na\u0161e \u017eupe prisustvovali misnom slavlju i maloj procesiji povodom Uskrsa.<\/p>\n\n\n\n<p>Ovom prilikom svima od srca \u010destitamo sretan Uskrs.<\/p>\n\n\n\n<figure class=\"wp-block-image size-large\"><img loading=\"lazy\" decoding=\"async\" width=\"1024\" height=\"811\" src=\"https:\/\/dvd-vratisinec.hr\/wp-content\/uploads\/2023\/04\/IMG-20230409-WA0012-1024x811.jpg\" alt=\"\" class=\"wp-image-5142\" srcset=\"https:\/\/dvd-vratisinec.hr\/wp-content\/uploads\/2023\/04\/IMG-20230409-WA0012-1024x811.jpg 1024w, https:\/\/dvd-vratisinec.hr\/wp-content\/uploads\/2023\/04\/IMG-20230409-WA0012-300x238.jpg 300w, https:\/\/dvd-vratisinec.hr\/wp-content\/uploads\/2023\/04\/IMG-20230409-WA0012-768x608.jpg 768w, https:\/\/dvd-vratisinec.hr\/wp-content\/uploads\/2023\/04\/IMG-20230409-WA0012-1536x1217.jpg 1536w, https:\/\/dvd-vratisinec.hr\/wp-content\/uploads\/2023\/04\/IMG-20230409-WA0012.jpg 2048w\" sizes=\"auto, (max-width: 1024px) 100vw, 1024px\" \/><\/figure>\n","protected":false},"excerpt":{"rendered":"<p>Danas smo uz kolege vatrogasce iz na\u0161e \u017eupe prisustvovali misnom slavlju i maloj procesiji povodom Uskrsa. Ovom prilikom svima od srca \u010destitamo sretan Uskrs.<\/p>\n","protected":false},"author":1,"featured_media":5141,"comment_status":"closed","ping_status":"open","sticky":false,"template":"","format":"standard","meta":{"rop_custom_images_group":[],"rop_custom_messages_group":[],"rop_publish_now":"initial","rop_publish_now_accounts":[],"rop_publish_now_history":[],"rop_publish_now_status":"pending","ngg_post_thumbnail":0,"footnotes":""},"categories":[14],"tags":[],"class_list":["post-5140","post","type-post","status-publish","format-standard","has-post-thumbnail","hentry","category-izvjesca"],"_links":{"self":[{"href":"https:\/\/dvd-vratisinec.hr\/index.php?rest_route=\/wp\/v2\/posts\/5140","targetHints":{"allow":["GET"]}}],"collection":[{"href":"https:\/\/dvd-vratisinec.hr\/index.php?rest_route=\/wp\/v2\/posts"}],"about":[{"href":"https:\/\/dvd-vratisinec.hr\/index.php?rest_route=\/wp\/v2\/types\/post"}],"author":[{"embeddable":true,"href":"https:\/\/dvd-vratisinec.hr\/index.php?rest_route=\/wp\/v2\/users\/1"}],"replies":[{"embeddable":true,"href":"https:\/\/dvd-vratisinec.hr\/index.php?rest_route=%2Fwp%2Fv2%2Fcomments&post=5140"}],"version-history":[{"count":1,"href":"https:\/\/dvd-vratisinec.hr\/index.php?rest_route=\/wp\/v2\/posts\/5140\/revisions"}],"predecessor-version":[{"id":5143,"href":"https:\/\/dvd-vratisinec.hr\/index.php?rest_route=\/wp\/v2\/posts\/5140\/revisions\/5143"}],"wp:featuredmedia":[{"embeddable":true,"href":"https:\/\/dvd-vratisinec.hr\/index.php?rest_route=\/wp\/v2\/media\/5141"}],"wp:attachment":[{"href":"https:\/\/dvd-vratisinec.hr\/index.php?rest_route=%2Fwp%2Fv2%2Fmedia&parent=5140"}],"wp:term":[{"taxonomy":"category","embeddable":true,"href":"https:\/\/dvd-vratisinec.hr\/index.php?rest_route=%2Fwp%2Fv2%2Fcategories&post=5140"},{"taxonomy":"post_tag","embeddable":true,"href":"https:\/\/dvd-vratisinec.hr\/index.php?rest_route=%2Fwp%2Fv2%2Ftags&post=5140"}],"curies":[{"name":"wp","href":"https:\/\/api.w.org\/{rel}","templated":true}]}}