{"id":4448,"date":"2020-09-23T18:48:39","date_gmt":"2020-09-23T17:48:39","guid":{"rendered":"http:\/\/dvd-vratisinec.hr\/?p=4448"},"modified":"2020-10-21T12:55:11","modified_gmt":"2020-10-21T11:55:11","slug":"pozar-kontejnera-na-mjesnom-groblju-11","status":"publish","type":"post","link":"https:\/\/dvd-vratisinec.hr\/?p=4448","title":{"rendered":"Po\u017ear kontejnera na mjesnom groblju (11)"},"content":{"rendered":"\n<p>U nedjelju, 23. rujna u 15:56 sati zaprimljena je dojava putem UVI sustava o po\u017earu kontejnera na mjesnom groblju u Vrati\u0161incu. Po dojavi na intervenciju izlazi autociterna ss 3 \u010dlana. Dolaskom na mjesto intervencije utvr\u0111eno je da gori kontejner u kojem se skladi\u0161te lampa\u0161i. Brzom reakcijom vatrogasaca po\u017ear je ubrzo lokaliziran o \u010demu je obavje\u0161ten na\u010delnik op\u0107ine i JVP. Materijalne \u0161tete nema.<\/p>\n","protected":false},"excerpt":{"rendered":"<p>U nedjelju, 23. rujna u 15:56 sati zaprimljena je dojava putem UVI sustava o po\u017earu kontejnera na mjesnom groblju u Vrati\u0161incu. Po dojavi na intervenciju izlazi autociterna ss 3 \u010dlana. Dolaskom na mjesto intervencije utvr\u0111eno je da gori kontejner u kojem se skladi\u0161te lampa\u0161i. Brzom reakcijom vatrogasaca po\u017ear je ubrzo lokaliziran o \u010demu je obavje\u0161ten [&hellip;]<\/p>\n","protected":false},"author":1,"featured_media":4450,"comment_status":"closed","ping_status":"open","sticky":false,"template":"","format":"standard","meta":{"rop_custom_images_group":[],"rop_custom_messages_group":[],"rop_publish_now":"initial","rop_publish_now_accounts":[],"rop_publish_now_history":[],"rop_publish_now_status":"pending","ngg_post_thumbnail":0,"footnotes":""},"categories":[20],"tags":[],"class_list":["post-4448","post","type-post","status-publish","format-standard","has-post-thumbnail","hentry","category-intervencije-za-2020"],"_links":{"self":[{"href":"https:\/\/dvd-vratisinec.hr\/index.php?rest_route=\/wp\/v2\/posts\/4448","targetHints":{"allow":["GET"]}}],"collection":[{"href":"https:\/\/dvd-vratisinec.hr\/index.php?rest_route=\/wp\/v2\/posts"}],"about":[{"href":"https:\/\/dvd-vratisinec.hr\/index.php?rest_route=\/wp\/v2\/types\/post"}],"author":[{"embeddable":true,"href":"https:\/\/dvd-vratisinec.hr\/index.php?rest_route=\/wp\/v2\/users\/1"}],"replies":[{"embeddable":true,"href":"https:\/\/dvd-vratisinec.hr\/index.php?rest_route=%2Fwp%2Fv2%2Fcomments&post=4448"}],"version-history":[{"count":1,"href":"https:\/\/dvd-vratisinec.hr\/index.php?rest_route=\/wp\/v2\/posts\/4448\/revisions"}],"predecessor-version":[{"id":4449,"href":"https:\/\/dvd-vratisinec.hr\/index.php?rest_route=\/wp\/v2\/posts\/4448\/revisions\/4449"}],"wp:featuredmedia":[{"embeddable":true,"href":"https:\/\/dvd-vratisinec.hr\/index.php?rest_route=\/wp\/v2\/media\/4450"}],"wp:attachment":[{"href":"https:\/\/dvd-vratisinec.hr\/index.php?rest_route=%2Fwp%2Fv2%2Fmedia&parent=4448"}],"wp:term":[{"taxonomy":"category","embeddable":true,"href":"https:\/\/dvd-vratisinec.hr\/index.php?rest_route=%2Fwp%2Fv2%2Fcategories&post=4448"},{"taxonomy":"post_tag","embeddable":true,"href":"https:\/\/dvd-vratisinec.hr\/index.php?rest_route=%2Fwp%2Fv2%2Ftags&post=4448"}],"curies":[{"name":"wp","href":"https:\/\/api.w.org\/{rel}","templated":true}]}}