{"id":4019,"date":"2018-05-11T22:44:25","date_gmt":"2018-05-11T21:44:25","guid":{"rendered":"http:\/\/dvd-vratisinec.hr\/?p=4019"},"modified":"2018-05-14T14:52:25","modified_gmt":"2018-05-14T13:52:25","slug":"25-redovna-godisnja-skupstina-vzmz","status":"publish","type":"post","link":"https:\/\/dvd-vratisinec.hr\/?p=4019","title":{"rendered":"25. Redovna godi\u0161nja skup\u0161tina VZM\u017d"},"content":{"rendered":"<div class=\"td-header-wrap td-header-style-3 \">\n<div class=\"td-header-menu-wrap-full td-container-wrap \">\n<div class=\"td-header-menu-wrap td-affix\">\n<div class=\"td-container td-header-row td-header-main-menu black-menu\">\n<div id=\"td-header-menu\" role=\"navigation\">\n<div class=\"td-main-menu-logo td-logo-in-header\"><strong style=\"font-size: 16px;\">U petak 11. svibnja u kongresnoj dvorani Toplica Sveti Martin na Muri, pod doma\u0107instvom Dobrovoljnog vatrogasnog dru\u0161tva Sveti Martin na Muri, odr\u017eana je redovna 25. godi\u0161nja skup\u0161tina Vatrogasne zajednice Me\u0111imurske \u017eupanije. Istoj su prisustvovali zapovjednik i predsjednik DVD-a Vrati\u0161inec.<\/strong><\/div>\n<\/div>\n<\/div>\n<\/div>\n<\/div>\n<\/div>\n<div class=\"td-main-content-wrap td-container-wrap\">\n<div class=\"td-container td-post-template-default \">\n<div class=\"td-pb-row\">\n<div class=\"td-pb-span8 td-main-content\" role=\"main\">\n<div class=\"td-ss-main-content\">\n<article id=\"post-98553\" class=\"post-98553 post type-post status-publish format-standard has-post-thumbnail hentry category-vatrogastvo tag-25-godina tag-godisnja-skupstina tag-sveti-martin-na-muri tag-vatrogasna-zajednica-medimurske-zupanije\">\n<div class=\"td-post-content\">\n<p>Skup\u0161tinu je otvorio predsjednik zajednice&nbsp;<strong>Mario Medved<\/strong>, koji je na samom po\u010detku pozdravio uva\u017eene goste i to Na\u010delnika HVZ-a&nbsp;<strong>\u017deljka Popovi\u0107a<\/strong>, dopredsjednika HVZ-a&nbsp;<strong>Nedeljka Vukalovi\u0107<\/strong>, zamjenika \u017eupana Me\u0111imurske \u017eupanije&nbsp;<strong>Josipa Grivec<\/strong>, predsjednika skup\u0161tine Me\u0111imurske \u017eupanije&nbsp;<strong>Mladena Novaka<\/strong>, na\u010delnike i gradona\u010delnike iz Me\u0111imurske \u017eupanije,&nbsp;<strong>Ivana Novaka<\/strong>, predstavnika PU Me\u0111imurske, predstavnike Pomurske regije Republike Slovenije sa suradnicima,&nbsp;<strong>Ladislava S\u00f6ke<\/strong>, pro\u010delnika PU DUZS-a, predstavnike susjednih vatrogasnih zajednica Koprivni\u010dko kri\u017eeva\u010dke, Vara\u017edinske i Krapinsko zagorske \u017eupanije. Tako\u0111er skup\u0161tini su bili prisutni po\u010dasni predsjednik VZM\u017d&nbsp;<strong>Zlatkuo Orsag<\/strong>, po\u010dasni zapovjednik VZM\u017d&nbsp;<strong>Ivan Kri\u0161tofi\u0107<\/strong>, predsjednik kluba veterana VZM\u017d&nbsp;<strong>Ivan Novak<\/strong>&nbsp;te predsjednik DVD-a Sv. Martin na Muri,&nbsp;<strong>Branko Per\u010di\u0107<\/strong>.<\/p>\n<p>IZvje\u0161\u0107e o zapovjedni\u0161tvu je prezentirao sam zapovjednik VZM\u017d&nbsp;<strong>Mladen Kani\u017eaj,&nbsp;<\/strong>koji je izme\u0111u ostalog istaknuo da u pro\u0161loj 2017. godini na podru\u010dju na\u0161e \u017eupanije bilje\u017eimo 1003 intervencije.<\/p>\n<p><iframe loading=\"lazy\" src=\"http:\/\/www.youtube.com\/embed\/hQxcM23Zr6g\" width=\"100%\" height=\"314\" allowfullscreen=\"allowfullscreen\" data-mce-fragment=\"1\"><\/iframe><\/p>\n<p>Skup\u0161tina je poslu\u017eila i za podjelu mnogih priznanja, zahvalnica i diploma zaslu\u017eenim vatrogascima, dru\u0161tvima i pojedincima. Tako su nagra\u0111ena vatrogasna dru\u0161tva koja su prema bodovanju osvojila jedno od prva tri mjesta.&nbsp;<\/p>\n<p><strong>Znakovna priznanja<\/strong>&nbsp;za rad u vatrogasnoj zajednici su primili \u0110uro Hra\u0161\u0107anec, Ivan Horvat, Ivan Kri\u0161tofi\u0107, Zlatko Orsag, Dragutin Trupkovi\u0107 i \u017eupan Me\u0111imurske \u017eupanije Matija Posavec.<\/p>\n<p>DVD Vrati\u0161inec je ovom prigodom dobio plaketu za organizaciju 30.obljetnice rada i postojanja vatrogasnih veterana.<\/p>\n<p>Foto: Ivan Kralj (facebook DVD Sveti Martin na Muri)<\/p>\n<\/div>\n<\/article>\n<\/div>\n<\/div>\n<\/div>\n<\/div>\n<\/div>\n","protected":false},"excerpt":{"rendered":"<p>U petak 11. svibnja u kongresnoj dvorani Toplica Sveti Martin na Muri, pod doma\u0107instvom Dobrovoljnog vatrogasnog dru\u0161tva Sveti Martin na Muri, odr\u017eana je redovna 25. godi\u0161nja skup\u0161tina Vatrogasne zajednice Me\u0111imurske \u017eupanije. Istoj su prisustvovali zapovjednik i predsjednik DVD-a Vrati\u0161inec. Skup\u0161tinu je otvorio predsjednik zajednice&nbsp;Mario Medved, koji je na samom po\u010detku pozdravio uva\u017eene goste i to [&hellip;]<\/p>\n","protected":false},"author":1,"featured_media":4020,"comment_status":"closed","ping_status":"open","sticky":false,"template":"","format":"standard","meta":{"rop_custom_images_group":[],"rop_custom_messages_group":[],"rop_publish_now":"initial","rop_publish_now_accounts":[],"rop_publish_now_history":[],"rop_publish_now_status":"pending","ngg_post_thumbnail":0,"footnotes":""},"categories":[14],"tags":[],"class_list":["post-4019","post","type-post","status-publish","format-standard","has-post-thumbnail","hentry","category-izvjesca"],"_links":{"self":[{"href":"https:\/\/dvd-vratisinec.hr\/index.php?rest_route=\/wp\/v2\/posts\/4019","targetHints":{"allow":["GET"]}}],"collection":[{"href":"https:\/\/dvd-vratisinec.hr\/index.php?rest_route=\/wp\/v2\/posts"}],"about":[{"href":"https:\/\/dvd-vratisinec.hr\/index.php?rest_route=\/wp\/v2\/types\/post"}],"author":[{"embeddable":true,"href":"https:\/\/dvd-vratisinec.hr\/index.php?rest_route=\/wp\/v2\/users\/1"}],"replies":[{"embeddable":true,"href":"https:\/\/dvd-vratisinec.hr\/index.php?rest_route=%2Fwp%2Fv2%2Fcomments&post=4019"}],"version-history":[{"count":1,"href":"https:\/\/dvd-vratisinec.hr\/index.php?rest_route=\/wp\/v2\/posts\/4019\/revisions"}],"predecessor-version":[{"id":4021,"href":"https:\/\/dvd-vratisinec.hr\/index.php?rest_route=\/wp\/v2\/posts\/4019\/revisions\/4021"}],"wp:featuredmedia":[{"embeddable":true,"href":"https:\/\/dvd-vratisinec.hr\/index.php?rest_route=\/wp\/v2\/media\/4020"}],"wp:attachment":[{"href":"https:\/\/dvd-vratisinec.hr\/index.php?rest_route=%2Fwp%2Fv2%2Fmedia&parent=4019"}],"wp:term":[{"taxonomy":"category","embeddable":true,"href":"https:\/\/dvd-vratisinec.hr\/index.php?rest_route=%2Fwp%2Fv2%2Fcategories&post=4019"},{"taxonomy":"post_tag","embeddable":true,"href":"https:\/\/dvd-vratisinec.hr\/index.php?rest_route=%2Fwp%2Fv2%2Ftags&post=4019"}],"curies":[{"name":"wp","href":"https:\/\/api.w.org\/{rel}","templated":true}]}}